{"id":45347,"date":"2019-03-02T10:02:48","date_gmt":"2019-03-02T10:02:48","guid":{"rendered":"http:\/\/www.novisvet.si\/?p=45347"},"modified":"2019-04-09T10:29:07","modified_gmt":"2019-04-09T10:29:07","slug":"gledati-z-njegovimi-ocmi","status":"publish","type":"post","link":"https:\/\/www.novisvet.si\/?p=45347","title":{"rendered":"Gledati z Njegovimi o\u010dmi"},"content":{"rendered":"<p>[et_pb_section bb_built=&#8221;1&#8243; _builder_version=&#8221;3.21.1&#8243; background_image=&#8221;http:\/\/www.novisvet.si\/wp-content\/uploads\/2019\/04\/065.jpg&#8221; custom_padding=&#8221;123px|0px|23px|0px|false|false&#8221; z_index_tablet=&#8221;500&#8243; next_background_color=&#8221;#ffffff&#8221;][et_pb_row use_custom_width=&#8221;on&#8221; width_unit=&#8221;off&#8221; custom_padding=&#8221;27px|0px|5px|0|false|false&#8221; _builder_version=&#8221;3.21.1&#8243; module_alignment=&#8221;center&#8221;][et_pb_column type=&#8221;4_4&#8243;][et_pb_text _builder_version=&#8221;3.21.1&#8243; header_font=&#8221;Noto Serif|700||||on|||&#8221; header_text_align=&#8221;right&#8221; header_text_color=&#8221;#ffffff&#8221; header_font_size=&#8221;62px&#8221; header_line_height=&#8221;1.2em&#8221; header_text_shadow_style=&#8221;preset1&#8243; header_text_shadow_color=&#8221;rgba(0,0,0,0.98)&#8221; text_orientation=&#8221;right&#8221; background_layout=&#8221;dark&#8221; z_index_tablet=&#8221;500&#8243;]<\/p>\n<h1><strong>Gledati z Njegovimi o\u010dmi<\/strong><\/h1>\n<p>[\/et_pb_text][\/et_pb_column][\/et_pb_row][\/et_pb_section][et_pb_section bb_built=&#8221;1&#8243; _builder_version=&#8221;3.0.47&#8243; custom_padding=&#8221;13px|0px|5px|0px|false|false&#8221; prev_background_color=&#8221;#000000&#8243;][et_pb_row _builder_version=&#8221;3.0.48&#8243; background_size=&#8221;initial&#8221; background_position=&#8221;top_left&#8221; background_repeat=&#8221;repeat&#8221; custom_padding=&#8221;27px|0px|8px|0px|false|false&#8221;][et_pb_column type=&#8221;1_4&#8243;][et_pb_team_member name=&#8221;Silvester Gaber\u0161\u010dek&#8221; position=&#8221;Vodja sektorja na Ministrstvu za kulturo&#8221; _builder_version=&#8221;3.21.1&#8243; z_index_tablet=&#8221;500&#8243; \/][\/et_pb_column][et_pb_column type=&#8221;3_4&#8243;][et_pb_text _builder_version=&#8221;3.21.1&#8243; text_text_color=&#8221;rgba(0,0,0,0.91)&#8221; z_index_tablet=&#8221;500&#8243;]<\/p>\n<p>Leto\u0161nji Pre\u0161ernov dan, dr\u017eavni praznik kulture, ki nas \u017ee dolgo simbolno najbolj povezuje v enoten kulturni prostor in ob praznovanju katerega <em>na\u0161<\/em>&#8216; Apel<span id='easy-footnote-1-45347' class='easy-footnote-margin-adjust'><\/span><span class='easy-footnote'><a href='https:\/\/www.novisvet.si\/?p=45347#easy-footnote-bottom-1-45347' title='F. Pre\u0161eren, Apel podobo na ogled postavi.'><sup>1<\/sup><\/a><\/span>\u00a0vsaki\u010d znova svoja nova dela na ogled postavi, sta letos zaznamovala dogodka, ki sta med ljudstvom pustila mo\u010dno trpek priokus. Prvi\u010d, odkar imamo lastno dr\u017eavo, se je namre\u010d pripetilo, da smo <em>dan kulture<\/em>, tako pomemben dr\u017eavotvorni praznik, zaradi posebnih razmer in znanih dogodkov, proslavljali z za\u010dasnim <em>nadomestnim<\/em> ministrom. In drugi\u010d, da je bila ob podelitvi Pre\u0161ernovih priznanj in nagrad na osrednji proslavi slovenska De\u017eela brez referenduma in ob glasnem aplavzu preimenovana v Butale, njeni prebivalci pa v Butalce. Morda\u00a0 je bil to dobronameren provakativen spodrsljaj ali zgolj izraz umetni\u0161ke svobode, ki pa na \u017ealost odseva zaskrbljujo\u010de stanje duha v <em>De\u017eeli,<\/em> in to ne samo na podro\u010dju kulturnega utripa in pestrega vsestranskega umetni\u0161kega ustvarjanja, med katerim zadnje dni mo\u010dno odmeva maketa <em>drugega tira<\/em> in z njo povezanih projektnih odvodov. Ob vseh teh pripetljajih se nehote vsiljuje vtis, da so ti in drugi podobni dogodki le odraz nekega splo\u0161nega stanja dru\u017ebe, zato se marsikdo po Gregor\u010di\u010devi rodoljubni pesmi zaskrbljeno spra\u0161uje, ali je to \u0161e prava <em>\u00bbslika moje domovine\u00ab.<span id='easy-footnote-2-45347' class='easy-footnote-margin-adjust'><\/span><span class='easy-footnote'><a href='https:\/\/www.novisvet.si\/?p=45347#easy-footnote-bottom-2-45347' title='S. Gregor\u010di\u010d, Znamenje. '><sup>2<\/sup><\/a><\/span><\/em><\/p>\n<p>Ob branju sestavka <em>Vstajenje Rima, <\/em>ki ga je leta 1949 napisala Chiara Lubich,<em><span id='easy-footnote-3-45347' class='easy-footnote-margin-adjust'><\/span><span class='easy-footnote'><a href='https:\/\/www.novisvet.si\/?p=45347#easy-footnote-bottom-3-45347' title='Ustanoviteljica Gibanja fokolarov \u2013 Marijinega dela. '><sup>3<\/sup><\/a><\/span><\/em>\u00a0sem se globlje zamislil in se posku\u0161al v\u017eiveti v resni\u010dnost, ki jo je takrat do\u017eivljala v moralno in gospodarsko razrvanem <em>ve\u010dnem mestu<\/em>. V nekem trenutku me je pre\u0161inila misel: \u010de bi v uvodnem stavku omenjenega zapisa, ki se glasi <em>\u010ce gledam na Rim tak, kakr\u0161en je, \u010dutim, da je moj Ideal dale\u010d<\/em>, namesto imena <em>ve\u010dnega mesta<\/em> zapisali Slovenija, bi v sestavku na\u0161li veliko vsebinsko podobnost z dana\u0161njimi razmerami in hkrati uporabno navodilo. Chiara je zapisala<em>: Rekla bi, da je moj Ideal utopija, \u010de ne bi pomislila Nanj, ki je tudi gledal svet, kakr\u0161en je ta, ki ga je obdajal \u2026Gledal je svet, kakor ga vidim jaz, a ni dvomil \u2026On, ki je pri\u0161el iz nebes na zemljo, bi lahko vse obudil z enim samim pogledom. Toda moral jim je pustiti \u2013 saj so ustvarjeni po Bo\u017eji podobi \u2013 veselje svobodne osvojitve nebes \u2026 Nepote\u0161en in \u017ealosten nad vsem, kar je hitelo v uni\u010denje, je znova gledal in pono\u010di molil nebo tam gori in nebo v sebi, kjer je \u017eivela Trojica in je bila prava Bit, konkretni Vse, zunaj po ulicah pa je hodila ni\u010dnost, ki mine. <\/em><\/p>\n<p>In v nadaljevanju: <em>Hodim po Rimu in ga no\u010dem gledati. Gledam svet v sebi in se oprijemam tistega, kar ima bit in vrednost. Postajam povsem eno s Trojico, ki po\u010diva v moji du\u0161i in jo razsvetljuje z ve\u010dno Lu\u010djo \u2026 Ko tako znova odprem o\u010di navzven, vidim \u010dlove\u0161tvo z o\u010dmi Boga, ki vse veruje, ker je Ljubezen \u2026 Zato moramo znova omogo\u010diti rojstvo Boga v nas, ga ohranjati \u017eivega med nami tako, da se ljubimo, in ga prelivati na druge kot izlive \u017divljenja, in obujati mrtve \u2026 Jezusa je treba obujati v ve\u010dnem mestu \u2013 <\/em>to je v De\u017eeli \u2013 <em>in ga prina\u0161ati povsod. On je \u017divljenje, in to popolno \u017divljenje. Ni samo nekaj verskega \u2026 Tedaj se vse postavi na glavo:politika in umetnost, \u0161ola in vera, zasebno \u017eivljenje in zabava. <\/em>Vse <em>\u2026 <\/em>tudi prislovi\u010dne Butale.<\/p>\n<p>[\/et_pb_text][\/et_pb_column][\/et_pb_row][\/et_pb_section]<\/p>\n","protected":false},"excerpt":{"rendered":"<p>Tedaj se vse postavi na glavo:politika in umetnost, \u0161ola in vera, zasebno \u017eivljenje in zabava. Vse \u2026 tudi prislovi\u010dne Butale.<\/p>\n","protected":false},"author":1,"featured_media":45276,"comment_status":"open","ping_status":"open","sticky":false,"template":"","format":"standard","meta":{"_et_pb_use_builder":"on","_et_pb_old_content":"","footnotes":""},"categories":[123,43],"tags":[],"_links":{"self":[{"href":"https:\/\/www.novisvet.si\/index.php?rest_route=\/wp\/v2\/posts\/45347"}],"collection":[{"href":"https:\/\/www.novisvet.si\/index.php?rest_route=\/wp\/v2\/posts"}],"about":[{"href":"https:\/\/www.novisvet.si\/index.php?rest_route=\/wp\/v2\/types\/post"}],"author":[{"embeddable":true,"href":"https:\/\/www.novisvet.si\/index.php?rest_route=\/wp\/v2\/users\/1"}],"replies":[{"embeddable":true,"href":"https:\/\/www.novisvet.si\/index.php?rest_route=%2Fwp%2Fv2%2Fcomments&post=45347"}],"version-history":[{"count":3,"href":"https:\/\/www.novisvet.si\/index.php?rest_route=\/wp\/v2\/posts\/45347\/revisions"}],"predecessor-version":[{"id":45351,"href":"https:\/\/www.novisvet.si\/index.php?rest_route=\/wp\/v2\/posts\/45347\/revisions\/45351"}],"wp:featuredmedia":[{"embeddable":true,"href":"https:\/\/www.novisvet.si\/index.php?rest_route=\/wp\/v2\/media\/45276"}],"wp:attachment":[{"href":"https:\/\/www.novisvet.si\/index.php?rest_route=%2Fwp%2Fv2%2Fmedia&parent=45347"}],"wp:term":[{"taxonomy":"category","embeddable":true,"href":"https:\/\/www.novisvet.si\/index.php?rest_route=%2Fwp%2Fv2%2Fcategories&post=45347"},{"taxonomy":"post_tag","embeddable":true,"href":"https:\/\/www.novisvet.si\/index.php?rest_route=%2Fwp%2Fv2%2Ftags&post=45347"}],"curies":[{"name":"wp","href":"https:\/\/api.w.org\/{rel}","templated":true}]}}